{"id":25709,"date":"2024-08-08T13:27:01","date_gmt":"2024-08-08T12:27:01","guid":{"rendered":"https:\/\/corporate.livingciociaria.it\/?p=25709"},"modified":"2025-01-16T22:50:09","modified_gmt":"2025-01-16T21:50:09","slug":"palio-dellarco-2024","status":"publish","type":"post","link":"https:\/\/corporate.livingciociaria.it\/en\/news\/comunicato-stampa\/palio-dellarco-2024\/","title":{"rendered":"A Spasso nel Tempo &#8211; Palio dell&#8217;Arco &#8211; 1\u00b0 Edizione"},"content":{"rendered":"<div data-elementor-type=\"wp-post\" data-elementor-id=\"25709\" class=\"elementor elementor-25709\" data-elementor-settings=\"{&quot;element_pack_global_tooltip_width&quot;:{&quot;unit&quot;:&quot;px&quot;,&quot;size&quot;:&quot;&quot;,&quot;sizes&quot;:[]},&quot;element_pack_global_tooltip_width_tablet&quot;:{&quot;unit&quot;:&quot;px&quot;,&quot;size&quot;:&quot;&quot;,&quot;sizes&quot;:[]},&quot;element_pack_global_tooltip_width_mobile&quot;:{&quot;unit&quot;:&quot;px&quot;,&quot;size&quot;:&quot;&quot;,&quot;sizes&quot;:[]},&quot;element_pack_global_tooltip_padding&quot;:{&quot;unit&quot;:&quot;px&quot;,&quot;top&quot;:&quot;&quot;,&quot;right&quot;:&quot;&quot;,&quot;bottom&quot;:&quot;&quot;,&quot;left&quot;:&quot;&quot;,&quot;isLinked&quot;:true},&quot;element_pack_global_tooltip_padding_tablet&quot;:{&quot;unit&quot;:&quot;px&quot;,&quot;top&quot;:&quot;&quot;,&quot;right&quot;:&quot;&quot;,&quot;bottom&quot;:&quot;&quot;,&quot;left&quot;:&quot;&quot;,&quot;isLinked&quot;:true},&quot;element_pack_global_tooltip_padding_mobile&quot;:{&quot;unit&quot;:&quot;px&quot;,&quot;top&quot;:&quot;&quot;,&quot;right&quot;:&quot;&quot;,&quot;bottom&quot;:&quot;&quot;,&quot;left&quot;:&quot;&quot;,&quot;isLinked&quot;:true},&quot;element_pack_global_tooltip_border_radius&quot;:{&quot;unit&quot;:&quot;px&quot;,&quot;top&quot;:&quot;&quot;,&quot;right&quot;:&quot;&quot;,&quot;bottom&quot;:&quot;&quot;,&quot;left&quot;:&quot;&quot;,&quot;isLinked&quot;:true},&quot;element_pack_global_tooltip_border_radius_tablet&quot;:{&quot;unit&quot;:&quot;px&quot;,&quot;top&quot;:&quot;&quot;,&quot;right&quot;:&quot;&quot;,&quot;bottom&quot;:&quot;&quot;,&quot;left&quot;:&quot;&quot;,&quot;isLinked&quot;:true},&quot;element_pack_global_tooltip_border_radius_mobile&quot;:{&quot;unit&quot;:&quot;px&quot;,&quot;top&quot;:&quot;&quot;,&quot;right&quot;:&quot;&quot;,&quot;bottom&quot;:&quot;&quot;,&quot;left&quot;:&quot;&quot;,&quot;isLinked&quot;:true}}\" data-elementor-post-type=\"post\">\n\t\t\t\t<div class=\"elementor-element elementor-element-32fe6a3 e-flex e-con-boxed e-con e-parent\" data-id=\"32fe6a3\" data-element_type=\"container\" data-e-type=\"container\" data-settings=\"{&quot;background_background&quot;:&quot;classic&quot;}\">\n\t\t\t\t\t<div class=\"e-con-inner\">\n\t\t<div class=\"elementor-element elementor-element-514d81d e-con-full e-flex e-con e-child\" data-id=\"514d81d\" data-element_type=\"container\" data-e-type=\"container\">\n\t\t\t\t<div class=\"elementor-element elementor-element-ae32bb9 elementor-widget-mobile__width-inherit elementor-widget-tablet__width-inherit elementor-widget elementor-widget-heading\" data-id=\"ae32bb9\" data-element_type=\"widget\" data-e-type=\"widget\" data-widget_type=\"heading.default\">\n\t\t\t\t<div class=\"elementor-widget-container\">\n\t\t\t\t\t<h1 class=\"elementor-heading-title elementor-size-default\">A Spasso nel Tempo &#8211; Palio dell&#8217;Arco &#8211; 1\u00b0 Edizione<\/h1>\t\t\t\t<\/div>\n\t\t\t\t<\/div>\n\t\t\t\t<div class=\"elementor-element elementor-element-7696d31 elementor-widget elementor-widget-heading\" data-id=\"7696d31\" data-element_type=\"widget\" data-e-type=\"widget\" data-widget_type=\"heading.default\">\n\t\t\t\t<div class=\"elementor-widget-container\">\n\t\t\t\t\t<p class=\"elementor-heading-title elementor-size-default\"><a href=\"https:\/\/corporate.livingciociaria.it\/en\/category\/news\/comunicato-stampa\/\" rel=\"tag\">Comunicato Stampa<\/a><\/p>\t\t\t\t<\/div>\n\t\t\t\t<\/div>\n\t\t\t\t<\/div>\n\t\t\t\t\t<\/div>\n\t\t\t\t<\/div>\n\t\t<div class=\"elementor-element elementor-element-c74fd99 e-flex e-con-boxed e-con e-parent\" data-id=\"c74fd99\" data-element_type=\"container\" data-e-type=\"container\">\n\t\t\t\t\t<div class=\"e-con-inner\">\n\t\t\t\t<div class=\"elementor-element elementor-element-6effdc6 elementor-widget elementor-widget-text-editor\" data-id=\"6effdc6\" data-element_type=\"widget\" data-e-type=\"widget\" data-widget_type=\"text-editor.default\">\n\t\t\t\t<div class=\"elementor-widget-container\">\n\t\t\t\t\t\t\t\t\t<p>San Donato Val di Comino si prepara a vivere un evento straordinario che unisce tradizione, storia e competizione: la prima edizione del &#8220;<strong>A Spasso nel Tempo &#8211; Palio dell&#8217;Arco<\/strong>&#8220;, che si terr\u00e0 il 24 agosto 2024. Questo evento promette di offrire un&#8217;esperienza immersiva unica, riportando in vita l&#8217;epoca medievale attraverso rievocazioni storiche, sfilate in costume e un appassionante torneo di tiro con l&#8217;arco.<\/p><p>La giornata avr\u00e0 inizio alle 18:30 con la Cerimonia di chiusura delle porte del Castrum, simbolo dell&#8217;inizio delle celebrazioni. Questo momento solenne segner\u00e0 l&#8217;apertura ufficiale dell&#8217;evento e dar\u00e0 il via a una suggestiva sfilata in abito storico medievale per le vie del paese. I partecipanti, vestiti con abiti d&#8217;epoca, sfileranno accompagnati dagli spettacoli degli sbandieratori e dei musici. I Corvi di Giano e i Musici Sbandieratori Animae Leonis animeranno la sfilata con esibizioni che faranno rivivere al pubblico le atmosfere di un tempo lontano, caratterizzate da colori, suoni e movimenti che richiamano le antiche tradizioni.<\/p><p>Il clou dell&#8217;evento arriver\u00e0 alle 21:00 con il torneo tra gli otto rioni di San Donato Val di Comino, che si contenderanno il Palio dell&#8217;Arco. In onore dei festeggiamenti di Santa Costanza Martire, i rioni Rione Capolavalle, Rione Castello, Rione Cappella Lucida, Rione Convento, Rione Duomo, Rione Lago, Rione Portella e Rione San Paolo si sfideranno in una competizione di tiro con l&#8217;arco. Ogni rione sar\u00e0 rappresentato da abili arcieri che metteranno alla prova la loro destrezza e precisione, in una gara avvincente che celebrer\u00e0 non solo l&#8217;abilit\u00e0 individuale ma anche lo spirito di comunit\u00e0 e appartenenza.<\/p><p>L\u2019Associazione promotrice dell\u2019evento \u201cCastrum Sancti Donati\u201d \u00e8 un gruppo di rievocazione storica medievale fondato nel 2008 grazie all\u2019impulso di Stefano Visco. Nata con l\u2019intento di rievocare l\u2019epoca dei Longobardi d\u2019Italia, dominatori della zona del cominense e cassinate durante l\u2019Alto Medioevo, l\u2019associazione ha poi esteso il suo interesse anche al Basso Medioevo. Sotto la guida del Presidente Gianpaolo Salvucci, il gruppo \u00e8 composto da figuranti che rappresentano diverse categorie sociali dell\u2019epoca, come nobilt\u00e0, popolo, milizie e clero. L\u2019associazione offre al pubblico spettacoli coinvolgenti che includono sfilate, esposizioni di antichi mestieri, danze e investiture cavalleresche, riuscendo a far rivivere l\u2019affascinante atmosfera del Medioevo.<\/p><p>La partecipazione dei Corvi di Giano, con la loro esperienza nelle rievocazioni storiche, e dei Musici Sbandieratori Animae Leonis, con le loro spettacolari esibizioni, arricchir\u00e0 ulteriormente l&#8217;evento, creando un&#8217;atmosfera autentica e coinvolgente. Questi gruppi, con il loro impegno e la loro passione, contribuiscono a mantenere vive le tradizioni e a trasmetterle alle nuove generazioni, offrendo al pubblico un&#8217;occasione unica per immergersi nella storia.<\/p><p>L&#8217;evento \u00e8 realizzato in collaborazione con diverse realt\u00e0 locali che hanno unito le forze per garantire il successo della manifestazione. Living Ciociaria, da sempre impegnata nella promozione e sviluppo del turismo nella regione, ha giocato un ruolo fondamentale nell&#8217;organizzazione e nella promozione dell&#8217;evento. Psiche Aurora, con la sua attenzione alla cultura e alla letteratura, ha supportato la manifestazione offrendo il proprio contributo per arricchire l&#8217;esperienza culturale dei partecipanti. La Chiave Giusta, associazione che promuove la formazione musicale e culturale, ha collaborato attivamente per garantire un&#8217;offerta artistica di alta qualit\u00e0.<\/p><p>L&#8217;Associazione Leonardo APS, impegnata nella promozione sociale e culturale del territorio, ha contribuito all&#8217;organizzazione logistica dell&#8217;evento, assicurando che ogni dettaglio fosse curato con attenzione. Radio Cassino Stereo, emittente radiofonica locale, ha fornito una copertura mediatica capillare, permettendo all&#8217;evento di raggiungere un pubblico vasto e variegato. Infine, Tiravento Grafica ha messo a disposizione le proprie competenze creative per la realizzazione di materiale promozionale e grafico, contribuendo a rendere l&#8217;evento visivamente accattivante e facilmente riconoscibile.<\/p><p>Palio dell&#8217;Arco non \u00e8 solo un evento, ma un vero e proprio progetto culturale che mira a valorizzare e promuovere il patrimonio storico di San Donato Val di Comino. Attraverso la rievocazione storica e le attivit\u00e0 competitive, l&#8217;evento offre ai partecipanti non solo un momento di svago e divertimento, ma anche un&#8217;opportunit\u00e0 di conoscenza e riflessione sulle radici del nostro territorio.<\/p><p>L&#8217;ingresso all&#8217;evento \u00e8 libero e aperto a tutti. Si invita il pubblico a partecipare numeroso per vivere insieme questa straordinaria avventura nel tempo, tra storia, cultura e tradizione. Per ulteriori informazioni e aggiornamenti, \u00e8 possibile consultare la pagina Facebook ufficiale dell&#8217;evento o contattare direttamente gli organizzatori.<\/p>\t\t\t\t\t\t\t\t<\/div>\n\t\t\t\t<\/div>\n\t\t\t\t<div class=\"elementor-element elementor-element-040d692 elementor-widget elementor-widget-image\" data-id=\"040d692\" data-element_type=\"widget\" data-e-type=\"widget\" data-widget_type=\"image.default\">\n\t\t\t\t<div class=\"elementor-widget-container\">\n\t\t\t\t\t\t\t\t\t\t\t\t\t\t\t<img fetchpriority=\"high\" decoding=\"async\" width=\"724\" height=\"1024\" src=\"https:\/\/corporate.livingciociaria.it\/wp-content\/uploads\/2024\/08\/Palio-dellArco-Locandina-724x1024.jpeg\" class=\"attachment-large size-large wp-image-25720\" alt=\"\" srcset=\"https:\/\/corporate.livingciociaria.it\/wp-content\/uploads\/2024\/08\/Palio-dellArco-Locandina-724x1024.jpeg 724w, https:\/\/corporate.livingciociaria.it\/wp-content\/uploads\/2024\/08\/Palio-dellArco-Locandina-212x300.jpeg 212w, https:\/\/corporate.livingciociaria.it\/wp-content\/uploads\/2024\/08\/Palio-dellArco-Locandina-768x1086.jpeg 768w, https:\/\/corporate.livingciociaria.it\/wp-content\/uploads\/2024\/08\/Palio-dellArco-Locandina-1086x1536.jpeg 1086w, https:\/\/corporate.livingciociaria.it\/wp-content\/uploads\/2024\/08\/Palio-dellArco-Locandina.jpeg 1131w\" sizes=\"(max-width: 724px) 100vw, 724px\" \/>\t\t\t\t\t\t\t\t\t\t\t\t\t\t\t<\/div>\n\t\t\t\t<\/div>\n\t\t\t\t<div class=\"elementor-element elementor-element-fd1475f elementor-widget elementor-widget-heading\" data-id=\"fd1475f\" data-element_type=\"widget\" data-e-type=\"widget\" data-widget_type=\"heading.default\">\n\t\t\t\t<div class=\"elementor-widget-container\">\n\t\t\t\t\t<h2 class=\"elementor-heading-title elementor-size-default\">Galleria<\/h2>\t\t\t\t<\/div>\n\t\t\t\t<\/div>\n\t\t\t\t<div class=\"elementor-element elementor-element-01d788e gallery-spacing-custom elementor-widget elementor-widget-image-gallery\" data-id=\"01d788e\" data-element_type=\"widget\" data-e-type=\"widget\" data-widget_type=\"image-gallery.default\">\n\t\t\t\t<div class=\"elementor-widget-container\">\n\t\t\t\t\t\t\t<div class=\"elementor-image-gallery\">\n\t\t\t<div id='gallery-1' class='gallery galleryid-25709 gallery-columns-3 gallery-size-full'><figure class='gallery-item'>\n\t\t\t<div class='gallery-icon portrait'>\n\t\t\t\t<a data-elementor-open-lightbox=\"yes\" data-elementor-lightbox-slideshow=\"01d788e\" data-elementor-lightbox-title=\"Palio-dellArco-Arciere\" data-e-action-hash=\"#elementor-action%3Aaction%3Dlightbox%26settings%3DeyJpZCI6MjU3MjcsInVybCI6Imh0dHBzOlwvXC9jb3Jwb3JhdGUubGl2aW5nY2lvY2lhcmlhLml0XC93cC1jb250ZW50XC91cGxvYWRzXC8yMDI0XC8wOFwvUGFsaW8tZGVsbEFyY28tQXJjaWVyZS53ZWJwIiwic2xpZGVzaG93IjoiMDFkNzg4ZSJ9\" href='https:\/\/corporate.livingciociaria.it\/wp-content\/uploads\/2024\/08\/Palio-dellArco-Arciere.webp'><img decoding=\"async\" width=\"1059\" height=\"1600\" src=\"https:\/\/corporate.livingciociaria.it\/wp-content\/uploads\/2024\/08\/Palio-dellArco-Arciere.webp\" class=\"attachment-full size-full\" alt=\"\" srcset=\"https:\/\/corporate.livingciociaria.it\/wp-content\/uploads\/2024\/08\/Palio-dellArco-Arciere.webp 1059w, https:\/\/corporate.livingciociaria.it\/wp-content\/uploads\/2024\/08\/Palio-dellArco-Arciere-199x300.webp 199w, https:\/\/corporate.livingciociaria.it\/wp-content\/uploads\/2024\/08\/Palio-dellArco-Arciere-678x1024.webp 678w, https:\/\/corporate.livingciociaria.it\/wp-content\/uploads\/2024\/08\/Palio-dellArco-Arciere-768x1160.webp 768w, https:\/\/corporate.livingciociaria.it\/wp-content\/uploads\/2024\/08\/Palio-dellArco-Arciere-1017x1536.webp 1017w\" sizes=\"(max-width: 1059px) 100vw, 1059px\" \/><\/a>\n\t\t\t<\/div><\/figure><figure class='gallery-item'>\n\t\t\t<div class='gallery-icon landscape'>\n\t\t\t\t<a data-elementor-open-lightbox=\"yes\" data-elementor-lightbox-slideshow=\"01d788e\" data-elementor-lightbox-title=\"Palio-dellArco-Arcieri\" data-e-action-hash=\"#elementor-action%3Aaction%3Dlightbox%26settings%3DeyJpZCI6MjU3MjYsInVybCI6Imh0dHBzOlwvXC9jb3Jwb3JhdGUubGl2aW5nY2lvY2lhcmlhLml0XC93cC1jb250ZW50XC91cGxvYWRzXC8yMDI0XC8wOFwvUGFsaW8tZGVsbEFyY28tQXJjaWVyaS53ZWJwIiwic2xpZGVzaG93IjoiMDFkNzg4ZSJ9\" href='https:\/\/corporate.livingciociaria.it\/wp-content\/uploads\/2024\/08\/Palio-dellArco-Arcieri.webp'><img decoding=\"async\" width=\"1080\" height=\"720\" src=\"https:\/\/corporate.livingciociaria.it\/wp-content\/uploads\/2024\/08\/Palio-dellArco-Arcieri.webp\" class=\"attachment-full size-full\" alt=\"\" srcset=\"https:\/\/corporate.livingciociaria.it\/wp-content\/uploads\/2024\/08\/Palio-dellArco-Arcieri.webp 1080w, https:\/\/corporate.livingciociaria.it\/wp-content\/uploads\/2024\/08\/Palio-dellArco-Arcieri-300x200.webp 300w, https:\/\/corporate.livingciociaria.it\/wp-content\/uploads\/2024\/08\/Palio-dellArco-Arcieri-1024x683.webp 1024w, https:\/\/corporate.livingciociaria.it\/wp-content\/uploads\/2024\/08\/Palio-dellArco-Arcieri-768x512.webp 768w\" sizes=\"(max-width: 1080px) 100vw, 1080px\" \/><\/a>\n\t\t\t<\/div><\/figure><figure class='gallery-item'>\n\t\t\t<div class='gallery-icon portrait'>\n\t\t\t\t<a data-elementor-open-lightbox=\"yes\" data-elementor-lightbox-slideshow=\"01d788e\" data-elementor-lightbox-title=\"Palio-dellArco-Sbandieratori\" data-e-action-hash=\"#elementor-action%3Aaction%3Dlightbox%26settings%3DeyJpZCI6MjU3MjUsInVybCI6Imh0dHBzOlwvXC9jb3Jwb3JhdGUubGl2aW5nY2lvY2lhcmlhLml0XC93cC1jb250ZW50XC91cGxvYWRzXC8yMDI0XC8wOFwvUGFsaW8tZGVsbEFyY28tU2JhbmRpZXJhdG9yaS53ZWJwIiwic2xpZGVzaG93IjoiMDFkNzg4ZSJ9\" href='https:\/\/corporate.livingciociaria.it\/wp-content\/uploads\/2024\/08\/Palio-dellArco-Sbandieratori.webp'><img loading=\"lazy\" decoding=\"async\" width=\"1080\" height=\"1348\" src=\"https:\/\/corporate.livingciociaria.it\/wp-content\/uploads\/2024\/08\/Palio-dellArco-Sbandieratori.webp\" class=\"attachment-full size-full\" alt=\"\" srcset=\"https:\/\/corporate.livingciociaria.it\/wp-content\/uploads\/2024\/08\/Palio-dellArco-Sbandieratori.webp 1080w, https:\/\/corporate.livingciociaria.it\/wp-content\/uploads\/2024\/08\/Palio-dellArco-Sbandieratori-240x300.webp 240w, https:\/\/corporate.livingciociaria.it\/wp-content\/uploads\/2024\/08\/Palio-dellArco-Sbandieratori-820x1024.webp 820w, https:\/\/corporate.livingciociaria.it\/wp-content\/uploads\/2024\/08\/Palio-dellArco-Sbandieratori-768x959.webp 768w\" sizes=\"(max-width: 1080px) 100vw, 1080px\" \/><\/a>\n\t\t\t<\/div><\/figure>\n\t\t<\/div>\n\t\t<\/div>\n\t\t\t\t\t\t<\/div>\n\t\t\t\t<\/div>\n\t\t\t\t\t<\/div>\n\t\t\t\t<\/div>\n\t\t<div class=\"elementor-element elementor-element-daf5980 e-flex e-con-boxed e-con e-parent\" data-id=\"daf5980\" data-element_type=\"container\" data-e-type=\"container\" data-settings=\"{&quot;background_background&quot;:&quot;classic&quot;}\">\n\t\t\t\t\t<div class=\"e-con-inner\">\n\t\t<div class=\"elementor-element elementor-element-aa6fa00 e-con-full e-flex e-con e-child\" data-id=\"aa6fa00\" data-element_type=\"container\" data-e-type=\"container\">\n\t\t\t\t<div class=\"elementor-element elementor-element-e5859c0 elementor-widget elementor-widget-heading\" data-id=\"e5859c0\" data-element_type=\"widget\" data-e-type=\"widget\" data-widget_type=\"heading.default\">\n\t\t\t\t<div class=\"elementor-widget-container\">\n\t\t\t\t\t<h2 class=\"elementor-heading-title elementor-size-default\">Allegati<\/h2>\t\t\t\t<\/div>\n\t\t\t\t<\/div>\n\t\t\t\t<div class=\"elementor-element elementor-element-d71e1cf elementor-icon-list--layout-traditional elementor-list-item-link-full_width elementor-widget elementor-widget-icon-list\" data-id=\"d71e1cf\" data-element_type=\"widget\" data-e-type=\"widget\" data-widget_type=\"icon-list.default\">\n\t\t\t\t<div class=\"elementor-widget-container\">\n\t\t\t\t\t\t\t<ul class=\"elementor-icon-list-items\">\n\t\t\t\t\t\t\t<li class=\"elementor-icon-list-item\">\n\t\t\t\t\t\t\t\t\t\t\t<a href=\"https:\/\/corporate.livingciociaria.it\/wp-content\/uploads\/2024\/08\/Palio-dellArco-Locandina.jpeg\" target=\"_blank\">\n\n\t\t\t\t\t\t\t\t\t\t\t\t<span class=\"elementor-icon-list-icon\">\n\t\t\t\t\t\t\t<svg aria-hidden=\"true\" class=\"e-font-icon-svg e-fas-download\" viewbox=\"0 0 512 512\" xmlns=\"http:\/\/www.w3.org\/2000\/svg\"><path d=\"M216 0h80c13.3 0 24 10.7 24 24v168h87.7c17.8 0 26.7 21.5 14.1 34.1L269.7 378.3c-7.5 7.5-19.8 7.5-27.3 0L90.1 226.1c-12.6-12.6-3.7-34.1 14.1-34.1H192V24c0-13.3 10.7-24 24-24zm296 376v112c0 13.3-10.7 24-24 24H24c-13.3 0-24-10.7-24-24V376c0-13.3 10.7-24 24-24h146.7l49 49c20.1 20.1 52.5 20.1 72.6 0l49-49H488c13.3 0 24 10.7 24 24zm-124 88c0-11-9-20-20-20s-20 9-20 20 9 20 20 20 20-9 20-20zm64 0c0-11-9-20-20-20s-20 9-20 20 9 20 20 20 20-9 20-20z\"><\/path><\/svg>\t\t\t\t\t\t<\/span>\n\t\t\t\t\t\t\t\t\t\t<span class=\"elementor-icon-list-text\">Allegato 1 - Locandina (A4 - JPG)<\/span>\n\t\t\t\t\t\t\t\t\t\t\t<\/a>\n\t\t\t\t\t\t\t\t\t<\/li>\n\t\t\t\t\t\t<\/ul>\n\t\t\t\t\t\t<\/div>\n\t\t\t\t<\/div>\n\t\t\t\t<\/div>\n\t\t\t\t\t<\/div>\n\t\t\t\t<\/div>\n\t\t\t\t<\/div>","protected":false},"excerpt":{"rendered":"<p>San Donato Val di Comino si prepara a vivere un evento straordinario che unisce tradizione, storia e competizione<\/p>","protected":false},"author":2,"featured_media":25726,"comment_status":"closed","ping_status":"closed","sticky":false,"template":"","format":"standard","meta":{"give_campaign_id":0,"footnotes":""},"categories":[27],"tags":[],"class_list":["post-25709","post","type-post","status-publish","format-standard","has-post-thumbnail","hentry","category-comunicato-stampa"],"yoast_head":"<!-- This site is optimized with the Yoast SEO Premium plugin v26.5 (Yoast SEO v27.5) - https:\/\/yoast.com\/product\/yoast-seo-premium-wordpress\/ -->\n<title>A Spasso nel Tempo - Palio dell&#039;Arco - 1\u00b0 Edizione &#8211; Living Ciociaria Media Corner<\/title>\n<meta name=\"description\" content=\"San Donato Val di Comino si prepara a vivere un evento straordinario che unisce tradizione, storia e competizione\" \/>\n<meta name=\"robots\" content=\"index, follow, max-snippet:-1, max-image-preview:large, max-video-preview:-1\" \/>\n<link rel=\"canonical\" href=\"https:\/\/corporate.livingciociaria.it\/en\/news\/comunicato-stampa\/palio-dellarco-2024\/\" \/>\n<meta property=\"og:locale\" content=\"en_US\" \/>\n<meta property=\"og:type\" content=\"article\" \/>\n<meta property=\"og:title\" content=\"A Spasso nel Tempo - Palio dell&#039;Arco - 1\u00b0 Edizione &#8211; Living Ciociaria Media Corner\" \/>\n<meta property=\"og:description\" content=\"San Donato Val di Comino si prepara a vivere un evento straordinario che unisce tradizione, storia e competizione\" \/>\n<meta property=\"og:url\" content=\"https:\/\/corporate.livingciociaria.it\/en\/news\/comunicato-stampa\/palio-dellarco-2024\/\" \/>\n<meta property=\"og:site_name\" content=\"Living Ciociaria Media Corner\" \/>\n<meta property=\"article:publisher\" content=\"https:\/\/www.facebook.com\/livingciociaria\" \/>\n<meta property=\"article:published_time\" content=\"2024-08-08T12:27:01+00:00\" \/>\n<meta property=\"article:modified_time\" content=\"2025-01-16T21:50:09+00:00\" \/>\n<meta property=\"og:image\" content=\"https:\/\/corporate.livingciociaria.it\/wp-content\/uploads\/2024\/08\/Palio-dellArco-Arcieri.webp\" \/>\n\t<meta property=\"og:image:width\" content=\"1080\" \/>\n\t<meta property=\"og:image:height\" content=\"720\" \/>\n\t<meta property=\"og:image:type\" content=\"image\/webp\" \/>\n<meta name=\"author\" content=\"Alessio Pellegrini\" \/>\n<meta name=\"twitter:card\" content=\"summary_large_image\" \/>\n<meta name=\"twitter:creator\" content=\"@LCiociaria\" \/>\n<meta name=\"twitter:site\" content=\"@LCiociaria\" \/>\n<meta name=\"twitter:label1\" content=\"Written by\" \/>\n\t<meta name=\"twitter:data1\" content=\"Alessio Pellegrini\" \/>\n\t<meta name=\"twitter:label2\" content=\"Est. reading time\" \/>\n\t<meta name=\"twitter:data2\" content=\"4 minutes\" \/>\n<script type=\"application\/ld+json\" class=\"yoast-schema-graph\">{\"@context\":\"https:\\\/\\\/schema.org\",\"@graph\":[{\"@type\":\"Article\",\"@id\":\"https:\\\/\\\/corporate.livingciociaria.it\\\/news\\\/comunicato-stampa\\\/palio-dellarco-2024\\\/#article\",\"isPartOf\":{\"@id\":\"https:\\\/\\\/corporate.livingciociaria.it\\\/news\\\/comunicato-stampa\\\/palio-dellarco-2024\\\/\"},\"author\":{\"name\":\"Alessio Pellegrini\",\"@id\":\"https:\\\/\\\/corporate.livingciociaria.it\\\/#\\\/schema\\\/person\\\/27761b949a6ecbcb82a56fe6444463ea\"},\"headline\":\"A Spasso nel Tempo &#8211; Palio dell&#8217;Arco &#8211; 1\u00b0 Edizione\",\"datePublished\":\"2024-08-08T12:27:01+00:00\",\"dateModified\":\"2025-01-16T21:50:09+00:00\",\"mainEntityOfPage\":{\"@id\":\"https:\\\/\\\/corporate.livingciociaria.it\\\/news\\\/comunicato-stampa\\\/palio-dellarco-2024\\\/\"},\"wordCount\":737,\"publisher\":{\"@id\":\"https:\\\/\\\/corporate.livingciociaria.it\\\/#organization\"},\"image\":{\"@id\":\"https:\\\/\\\/corporate.livingciociaria.it\\\/news\\\/comunicato-stampa\\\/palio-dellarco-2024\\\/#primaryimage\"},\"thumbnailUrl\":\"https:\\\/\\\/corporate.livingciociaria.it\\\/wp-content\\\/uploads\\\/2024\\\/08\\\/Palio-dellArco-Arcieri.webp\",\"articleSection\":[\"Comunicato Stampa\"],\"inLanguage\":\"en-US\"},{\"@type\":\"WebPage\",\"@id\":\"https:\\\/\\\/corporate.livingciociaria.it\\\/news\\\/comunicato-stampa\\\/palio-dellarco-2024\\\/\",\"url\":\"https:\\\/\\\/corporate.livingciociaria.it\\\/news\\\/comunicato-stampa\\\/palio-dellarco-2024\\\/\",\"name\":\"A Spasso nel Tempo - Palio dell'Arco - 1\u00b0 Edizione &#8211; Living Ciociaria Media Corner\",\"isPartOf\":{\"@id\":\"https:\\\/\\\/corporate.livingciociaria.it\\\/#website\"},\"primaryImageOfPage\":{\"@id\":\"https:\\\/\\\/corporate.livingciociaria.it\\\/news\\\/comunicato-stampa\\\/palio-dellarco-2024\\\/#primaryimage\"},\"image\":{\"@id\":\"https:\\\/\\\/corporate.livingciociaria.it\\\/news\\\/comunicato-stampa\\\/palio-dellarco-2024\\\/#primaryimage\"},\"thumbnailUrl\":\"https:\\\/\\\/corporate.livingciociaria.it\\\/wp-content\\\/uploads\\\/2024\\\/08\\\/Palio-dellArco-Arcieri.webp\",\"datePublished\":\"2024-08-08T12:27:01+00:00\",\"dateModified\":\"2025-01-16T21:50:09+00:00\",\"description\":\"San Donato Val di Comino si prepara a vivere un evento straordinario che unisce tradizione, storia e competizione\",\"breadcrumb\":{\"@id\":\"https:\\\/\\\/corporate.livingciociaria.it\\\/news\\\/comunicato-stampa\\\/palio-dellarco-2024\\\/#breadcrumb\"},\"inLanguage\":\"en-US\",\"potentialAction\":[{\"@type\":\"ReadAction\",\"target\":[\"https:\\\/\\\/corporate.livingciociaria.it\\\/news\\\/comunicato-stampa\\\/palio-dellarco-2024\\\/\"]}]},{\"@type\":\"ImageObject\",\"inLanguage\":\"en-US\",\"@id\":\"https:\\\/\\\/corporate.livingciociaria.it\\\/news\\\/comunicato-stampa\\\/palio-dellarco-2024\\\/#primaryimage\",\"url\":\"https:\\\/\\\/corporate.livingciociaria.it\\\/wp-content\\\/uploads\\\/2024\\\/08\\\/Palio-dellArco-Arcieri.webp\",\"contentUrl\":\"https:\\\/\\\/corporate.livingciociaria.it\\\/wp-content\\\/uploads\\\/2024\\\/08\\\/Palio-dellArco-Arcieri.webp\",\"width\":1080,\"height\":720},{\"@type\":\"BreadcrumbList\",\"@id\":\"https:\\\/\\\/corporate.livingciociaria.it\\\/news\\\/comunicato-stampa\\\/palio-dellarco-2024\\\/#breadcrumb\",\"itemListElement\":[{\"@type\":\"ListItem\",\"position\":1,\"name\":\"Home\",\"item\":\"https:\\\/\\\/corporate.livingciociaria.it\\\/\"},{\"@type\":\"ListItem\",\"position\":2,\"name\":\"A Spasso nel Tempo &#8211; Palio dell&#8217;Arco &#8211; 1\u00b0 Edizione\"}]},{\"@type\":\"WebSite\",\"@id\":\"https:\\\/\\\/corporate.livingciociaria.it\\\/#website\",\"url\":\"https:\\\/\\\/corporate.livingciociaria.it\\\/\",\"name\":\"Living Ciociaria\",\"description\":\"\",\"publisher\":{\"@id\":\"https:\\\/\\\/corporate.livingciociaria.it\\\/#organization\"},\"alternateName\":\"Living Ciociaria Media Corner\",\"potentialAction\":[{\"@type\":\"SearchAction\",\"target\":{\"@type\":\"EntryPoint\",\"urlTemplate\":\"https:\\\/\\\/corporate.livingciociaria.it\\\/?s={search_term_string}\"},\"query-input\":{\"@type\":\"PropertyValueSpecification\",\"valueRequired\":true,\"valueName\":\"search_term_string\"}}],\"inLanguage\":\"en-US\"},{\"@type\":\"Organization\",\"@id\":\"https:\\\/\\\/corporate.livingciociaria.it\\\/#organization\",\"name\":\"Living Ciociaria\",\"alternateName\":\"Living Ciociaria Media Corner\",\"url\":\"https:\\\/\\\/corporate.livingciociaria.it\\\/\",\"logo\":{\"@type\":\"ImageObject\",\"inLanguage\":\"en-US\",\"@id\":\"https:\\\/\\\/corporate.livingciociaria.it\\\/#\\\/schema\\\/logo\\\/image\\\/\",\"url\":\"https:\\\/\\\/corporate.livingciociaria.it\\\/wp-content\\\/uploads\\\/2021\\\/03\\\/Living-Ciociaria-Logo.png\",\"contentUrl\":\"https:\\\/\\\/corporate.livingciociaria.it\\\/wp-content\\\/uploads\\\/2021\\\/03\\\/Living-Ciociaria-Logo.png\",\"width\":1203,\"height\":402,\"caption\":\"Living Ciociaria\"},\"image\":{\"@id\":\"https:\\\/\\\/corporate.livingciociaria.it\\\/#\\\/schema\\\/logo\\\/image\\\/\"},\"sameAs\":[\"https:\\\/\\\/www.facebook.com\\\/livingciociaria\",\"https:\\\/\\\/x.com\\\/LCiociaria\",\"https:\\\/\\\/www.instagram.com\\\/livingciociaria\\\/\",\"https:\\\/\\\/www.linkedin.com\\\/company\\\/71685850\\\/admin\\\/\"]},{\"@type\":\"Person\",\"@id\":\"https:\\\/\\\/corporate.livingciociaria.it\\\/#\\\/schema\\\/person\\\/27761b949a6ecbcb82a56fe6444463ea\",\"name\":\"Alessio Pellegrini\",\"sameAs\":[\"https:\\\/\\\/corporate.livingciociaria.it\"],\"birthDate\":\"1992-11-10\",\"gender\":\"Uomo\",\"knowsLanguage\":[\"Italiano\",\"Inglese\",\"Spagnolo\"],\"jobTitle\":\"CEO\",\"worksFor\":\"Living Ciociaria\"}]}<\/script>\n<!-- \/ Yoast SEO Premium plugin. -->","yoast_head_json":{"title":"A Spasso nel Tempo - Palio dell'Arco - 1\u00b0 Edizione &#8211; Living Ciociaria Media Corner","description":"San Donato Val di Comino si prepara a vivere un evento straordinario che unisce tradizione, storia e competizione","robots":{"index":"index","follow":"follow","max-snippet":"max-snippet:-1","max-image-preview":"max-image-preview:large","max-video-preview":"max-video-preview:-1"},"canonical":"https:\/\/corporate.livingciociaria.it\/en\/news\/comunicato-stampa\/palio-dellarco-2024\/","og_locale":"en_US","og_type":"article","og_title":"A Spasso nel Tempo - Palio dell'Arco - 1\u00b0 Edizione &#8211; Living Ciociaria Media Corner","og_description":"San Donato Val di Comino si prepara a vivere un evento straordinario che unisce tradizione, storia e competizione","og_url":"https:\/\/corporate.livingciociaria.it\/en\/news\/comunicato-stampa\/palio-dellarco-2024\/","og_site_name":"Living Ciociaria Media Corner","article_publisher":"https:\/\/www.facebook.com\/livingciociaria","article_published_time":"2024-08-08T12:27:01+00:00","article_modified_time":"2025-01-16T21:50:09+00:00","og_image":[{"width":1080,"height":720,"url":"https:\/\/corporate.livingciociaria.it\/wp-content\/uploads\/2024\/08\/Palio-dellArco-Arcieri.webp","type":"image\/webp"}],"author":"Alessio Pellegrini","twitter_card":"summary_large_image","twitter_creator":"@LCiociaria","twitter_site":"@LCiociaria","twitter_misc":{"Written by":"Alessio Pellegrini","Est. reading time":"4 minutes"},"schema":{"@context":"https:\/\/schema.org","@graph":[{"@type":"Article","@id":"https:\/\/corporate.livingciociaria.it\/news\/comunicato-stampa\/palio-dellarco-2024\/#article","isPartOf":{"@id":"https:\/\/corporate.livingciociaria.it\/news\/comunicato-stampa\/palio-dellarco-2024\/"},"author":{"name":"Alessio Pellegrini","@id":"https:\/\/corporate.livingciociaria.it\/#\/schema\/person\/27761b949a6ecbcb82a56fe6444463ea"},"headline":"A Spasso nel Tempo &#8211; Palio dell&#8217;Arco &#8211; 1\u00b0 Edizione","datePublished":"2024-08-08T12:27:01+00:00","dateModified":"2025-01-16T21:50:09+00:00","mainEntityOfPage":{"@id":"https:\/\/corporate.livingciociaria.it\/news\/comunicato-stampa\/palio-dellarco-2024\/"},"wordCount":737,"publisher":{"@id":"https:\/\/corporate.livingciociaria.it\/#organization"},"image":{"@id":"https:\/\/corporate.livingciociaria.it\/news\/comunicato-stampa\/palio-dellarco-2024\/#primaryimage"},"thumbnailUrl":"https:\/\/corporate.livingciociaria.it\/wp-content\/uploads\/2024\/08\/Palio-dellArco-Arcieri.webp","articleSection":["Comunicato Stampa"],"inLanguage":"en-US"},{"@type":"WebPage","@id":"https:\/\/corporate.livingciociaria.it\/news\/comunicato-stampa\/palio-dellarco-2024\/","url":"https:\/\/corporate.livingciociaria.it\/news\/comunicato-stampa\/palio-dellarco-2024\/","name":"A Spasso nel Tempo - Palio dell'Arco - 1\u00b0 Edizione &#8211; Living Ciociaria Media Corner","isPartOf":{"@id":"https:\/\/corporate.livingciociaria.it\/#website"},"primaryImageOfPage":{"@id":"https:\/\/corporate.livingciociaria.it\/news\/comunicato-stampa\/palio-dellarco-2024\/#primaryimage"},"image":{"@id":"https:\/\/corporate.livingciociaria.it\/news\/comunicato-stampa\/palio-dellarco-2024\/#primaryimage"},"thumbnailUrl":"https:\/\/corporate.livingciociaria.it\/wp-content\/uploads\/2024\/08\/Palio-dellArco-Arcieri.webp","datePublished":"2024-08-08T12:27:01+00:00","dateModified":"2025-01-16T21:50:09+00:00","description":"San Donato Val di Comino si prepara a vivere un evento straordinario che unisce tradizione, storia e competizione","breadcrumb":{"@id":"https:\/\/corporate.livingciociaria.it\/news\/comunicato-stampa\/palio-dellarco-2024\/#breadcrumb"},"inLanguage":"en-US","potentialAction":[{"@type":"ReadAction","target":["https:\/\/corporate.livingciociaria.it\/news\/comunicato-stampa\/palio-dellarco-2024\/"]}]},{"@type":"ImageObject","inLanguage":"en-US","@id":"https:\/\/corporate.livingciociaria.it\/news\/comunicato-stampa\/palio-dellarco-2024\/#primaryimage","url":"https:\/\/corporate.livingciociaria.it\/wp-content\/uploads\/2024\/08\/Palio-dellArco-Arcieri.webp","contentUrl":"https:\/\/corporate.livingciociaria.it\/wp-content\/uploads\/2024\/08\/Palio-dellArco-Arcieri.webp","width":1080,"height":720},{"@type":"BreadcrumbList","@id":"https:\/\/corporate.livingciociaria.it\/news\/comunicato-stampa\/palio-dellarco-2024\/#breadcrumb","itemListElement":[{"@type":"ListItem","position":1,"name":"Home","item":"https:\/\/corporate.livingciociaria.it\/"},{"@type":"ListItem","position":2,"name":"A Spasso nel Tempo &#8211; Palio dell&#8217;Arco &#8211; 1\u00b0 Edizione"}]},{"@type":"WebSite","@id":"https:\/\/corporate.livingciociaria.it\/#website","url":"https:\/\/corporate.livingciociaria.it\/","name":"Living Ciociaria","description":"","publisher":{"@id":"https:\/\/corporate.livingciociaria.it\/#organization"},"alternateName":"Living Ciociaria Media Corner","potentialAction":[{"@type":"SearchAction","target":{"@type":"EntryPoint","urlTemplate":"https:\/\/corporate.livingciociaria.it\/?s={search_term_string}"},"query-input":{"@type":"PropertyValueSpecification","valueRequired":true,"valueName":"search_term_string"}}],"inLanguage":"en-US"},{"@type":"Organization","@id":"https:\/\/corporate.livingciociaria.it\/#organization","name":"Living Ciociaria","alternateName":"Living Ciociaria Media Corner","url":"https:\/\/corporate.livingciociaria.it\/","logo":{"@type":"ImageObject","inLanguage":"en-US","@id":"https:\/\/corporate.livingciociaria.it\/#\/schema\/logo\/image\/","url":"https:\/\/corporate.livingciociaria.it\/wp-content\/uploads\/2021\/03\/Living-Ciociaria-Logo.png","contentUrl":"https:\/\/corporate.livingciociaria.it\/wp-content\/uploads\/2021\/03\/Living-Ciociaria-Logo.png","width":1203,"height":402,"caption":"Living Ciociaria"},"image":{"@id":"https:\/\/corporate.livingciociaria.it\/#\/schema\/logo\/image\/"},"sameAs":["https:\/\/www.facebook.com\/livingciociaria","https:\/\/x.com\/LCiociaria","https:\/\/www.instagram.com\/livingciociaria\/","https:\/\/www.linkedin.com\/company\/71685850\/admin\/"]},{"@type":"Person","@id":"https:\/\/corporate.livingciociaria.it\/#\/schema\/person\/27761b949a6ecbcb82a56fe6444463ea","name":"Alessio Pellegrini","sameAs":["https:\/\/corporate.livingciociaria.it"],"birthDate":"1992-11-10","gender":"Uomo","knowsLanguage":["Italiano","Inglese","Spagnolo"],"jobTitle":"CEO","worksFor":"Living Ciociaria"}]}},"_links":{"self":[{"href":"https:\/\/corporate.livingciociaria.it\/en\/wp-json\/wp\/v2\/posts\/25709","targetHints":{"allow":["GET"]}}],"collection":[{"href":"https:\/\/corporate.livingciociaria.it\/en\/wp-json\/wp\/v2\/posts"}],"about":[{"href":"https:\/\/corporate.livingciociaria.it\/en\/wp-json\/wp\/v2\/types\/post"}],"author":[{"embeddable":true,"href":"https:\/\/corporate.livingciociaria.it\/en\/wp-json\/wp\/v2\/users\/2"}],"replies":[{"embeddable":true,"href":"https:\/\/corporate.livingciociaria.it\/en\/wp-json\/wp\/v2\/comments?post=25709"}],"version-history":[{"count":25,"href":"https:\/\/corporate.livingciociaria.it\/en\/wp-json\/wp\/v2\/posts\/25709\/revisions"}],"predecessor-version":[{"id":26272,"href":"https:\/\/corporate.livingciociaria.it\/en\/wp-json\/wp\/v2\/posts\/25709\/revisions\/26272"}],"wp:featuredmedia":[{"embeddable":true,"href":"https:\/\/corporate.livingciociaria.it\/en\/wp-json\/wp\/v2\/media\/25726"}],"wp:attachment":[{"href":"https:\/\/corporate.livingciociaria.it\/en\/wp-json\/wp\/v2\/media?parent=25709"}],"wp:term":[{"taxonomy":"category","embeddable":true,"href":"https:\/\/corporate.livingciociaria.it\/en\/wp-json\/wp\/v2\/categories?post=25709"},{"taxonomy":"post_tag","embeddable":true,"href":"https:\/\/corporate.livingciociaria.it\/en\/wp-json\/wp\/v2\/tags?post=25709"}],"curies":[{"name":"wp","href":"https:\/\/api.w.org\/{rel}","templated":true}]}}